{"id":3589,"date":"2023-10-06T17:27:45","date_gmt":"2023-10-06T15:27:45","guid":{"rendered":"https:\/\/dvo.wearesim.dev\/dvo-ospita-la-delegazione-fvg-delladi\/"},"modified":"2026-04-02T15:29:07","modified_gmt":"2026-04-02T13:29:07","slug":"dvo-ospita-la-delegazione-fvg-delladi","status":"publish","type":"post","link":"https:\/\/dvo.it\/fr\/dvo-ospita-la-delegazione-fvg-delladi\/","title":{"rendered":"DVO accueille la d\u00e9l\u00e9gation ADI FVG"},"content":{"rendered":"<p><span data-sheets-root=\"1\">Le 5 octobre 2023, DVO a accueilli dans son si\u00e8ge une d\u00e9l\u00e9gation de membres de l\u2019ADI \u2013 Friuli Venezia Giulia.<\/p>\n<p>L\u2019ADI (dont DVO est membre) r\u00e9unit depuis 1956 des designers, des entreprises, des chercheurs, des enseignants, des critiques et des journalistes autour des th\u00e8mes du design : projet, consommation, recyclage et formation. Elle joue un r\u00f4le cl\u00e9 dans le d\u00e9veloppement du design industriel en tant que ph\u00e9nom\u00e8ne culturel et \u00e9conomique.<\/p>\n<p>Le design est un syst\u00e8me qui met en relation la production avec les utilisateurs, en s\u2019appuyant sur la recherche, l\u2019innovation et l\u2019ing\u00e9nierie, afin d\u2019apporter fonctionnalit\u00e9, valeur sociale et signification culturelle aux biens et services propos\u00e9s sur le march\u00e9.<\/p>\n<p>Fiers d\u2019en faire partie.<br \/>\n<\/span><\/p>\n","protected":false},"excerpt":{"rendered":"<p>Le 5 octobre 2023, DVO a accueilli dans son si\u00e8ge une d\u00e9l\u00e9gation de membres de l\u2019ADI \u2013 Friuli Venezia Giulia. L\u2019ADI (dont DVO est membre) r\u00e9unit depuis 1956 des designers, des entreprises, des chercheurs, des enseignants, des critiques et des journalistes autour des th\u00e8mes du design : projet, consommation, recyclage et formation. Elle joue un [&hellip;]<\/p>\n","protected":false},"author":1,"featured_media":3591,"comment_status":"open","ping_status":"open","sticky":false,"template":"","format":"standard","meta":{"_acf_changed":false,"footnotes":""},"categories":[188,191],"tags":[],"class_list":["post-3589","post","type-post","status-publish","format-standard","has-post-thumbnail","hentry","category-entreprise","category-evenements"],"acf":[],"_links":{"self":[{"href":"https:\/\/dvo.it\/fr\/wp-json\/wp\/v2\/posts\/3589","targetHints":{"allow":["GET"]}}],"collection":[{"href":"https:\/\/dvo.it\/fr\/wp-json\/wp\/v2\/posts"}],"about":[{"href":"https:\/\/dvo.it\/fr\/wp-json\/wp\/v2\/types\/post"}],"author":[{"embeddable":true,"href":"https:\/\/dvo.it\/fr\/wp-json\/wp\/v2\/users\/1"}],"replies":[{"embeddable":true,"href":"https:\/\/dvo.it\/fr\/wp-json\/wp\/v2\/comments?post=3589"}],"version-history":[{"count":1,"href":"https:\/\/dvo.it\/fr\/wp-json\/wp\/v2\/posts\/3589\/revisions"}],"predecessor-version":[{"id":3605,"href":"https:\/\/dvo.it\/fr\/wp-json\/wp\/v2\/posts\/3589\/revisions\/3605"}],"wp:featuredmedia":[{"embeddable":true,"href":"https:\/\/dvo.it\/fr\/wp-json\/wp\/v2\/media\/3591"}],"wp:attachment":[{"href":"https:\/\/dvo.it\/fr\/wp-json\/wp\/v2\/media?parent=3589"}],"wp:term":[{"taxonomy":"category","embeddable":true,"href":"https:\/\/dvo.it\/fr\/wp-json\/wp\/v2\/categories?post=3589"},{"taxonomy":"post_tag","embeddable":true,"href":"https:\/\/dvo.it\/fr\/wp-json\/wp\/v2\/tags?post=3589"}],"curies":[{"name":"wp","href":"https:\/\/api.w.org\/{rel}","templated":true}]}}