{"id":3551,"date":"2023-11-13T17:20:04","date_gmt":"2023-11-13T16:20:04","guid":{"rendered":"https:\/\/dvo.wearesim.dev\/il-futuro-degli-uffici-evento-in-collaborazione-con-the-plan\/"},"modified":"2026-04-02T15:27:08","modified_gmt":"2026-04-02T13:27:08","slug":"il-futuro-degli-uffici-evento-in-collaborazione-con-the-plan","status":"publish","type":"post","link":"https:\/\/dvo.it\/fr\/il-futuro-degli-uffici-evento-in-collaborazione-con-the-plan\/","title":{"rendered":"L\u2019avenir des bureaux \u2013 \u00c9v\u00e9nement en collaboration avec THE PLAN"},"content":{"rendered":"<p><span data-sheets-root=\"1\">Quel est l\u2019avenir des espaces de bureau ? Nous avons abord\u00e9 ce th\u00e8me le mercredi 8 novembre au DVO Learning+Innovation Center de Milan, lors d\u2019un \u00e9v\u00e9nement organis\u00e9 en collaboration avec le magazine The Plan et mod\u00e9r\u00e9 par Jacopo della Fontana, Pr\u00e9sident et CEO de DesignToUsers.<\/p>\n<p>Giuseppe Bincoletto et Cristian Filippi ont accueilli les participants en pr\u00e9sentant \u00ab The New Workplace Journey \u00bb, tandis que Giuseppe Bianchi, Directeur des Services G\u00e9n\u00e9raux du groupe Mediaset, a pr\u00e9sent\u00e9 l\u2019\u00e9tude de cas \u00ab Mediaset : New Ways of Working \u00bb.<\/p>\n<p>Une table ronde s\u2019est ensuite tenue, anim\u00e9e par Francesco Rovere, Senior Development Manager chez AXA Investment Management Italia, Gianni Mollo, Associate chez Piuarch, et Cesare Chichi, associ\u00e9 fondateur du studio 967arch.<\/p>\n<p>L\u2019\u00e9v\u00e9nement s\u2019est conclu par une session de questions-r\u00e9ponses enrichissante avec les participants.<\/span><\/p>\n","protected":false},"excerpt":{"rendered":"<p>Quel est l\u2019avenir des espaces de bureau ? Nous avons abord\u00e9 ce th\u00e8me le mercredi 8 novembre au DVO Learning+Innovation Center de Milan, lors d\u2019un \u00e9v\u00e9nement organis\u00e9 en collaboration avec le magazine The Plan et mod\u00e9r\u00e9 par Jacopo della Fontana, Pr\u00e9sident et CEO de DesignToUsers. Giuseppe Bincoletto et Cristian Filippi ont accueilli les participants en [&hellip;]<\/p>\n","protected":false},"author":1,"featured_media":3553,"comment_status":"open","ping_status":"open","sticky":false,"template":"","format":"standard","meta":{"_acf_changed":false,"footnotes":""},"categories":[191,188],"tags":[],"class_list":["post-3551","post","type-post","status-publish","format-standard","has-post-thumbnail","hentry","category-evenements","category-entreprise"],"acf":[],"_links":{"self":[{"href":"https:\/\/dvo.it\/fr\/wp-json\/wp\/v2\/posts\/3551","targetHints":{"allow":["GET"]}}],"collection":[{"href":"https:\/\/dvo.it\/fr\/wp-json\/wp\/v2\/posts"}],"about":[{"href":"https:\/\/dvo.it\/fr\/wp-json\/wp\/v2\/types\/post"}],"author":[{"embeddable":true,"href":"https:\/\/dvo.it\/fr\/wp-json\/wp\/v2\/users\/1"}],"replies":[{"embeddable":true,"href":"https:\/\/dvo.it\/fr\/wp-json\/wp\/v2\/comments?post=3551"}],"version-history":[{"count":1,"href":"https:\/\/dvo.it\/fr\/wp-json\/wp\/v2\/posts\/3551\/revisions"}],"predecessor-version":[{"id":3581,"href":"https:\/\/dvo.it\/fr\/wp-json\/wp\/v2\/posts\/3551\/revisions\/3581"}],"wp:featuredmedia":[{"embeddable":true,"href":"https:\/\/dvo.it\/fr\/wp-json\/wp\/v2\/media\/3553"}],"wp:attachment":[{"href":"https:\/\/dvo.it\/fr\/wp-json\/wp\/v2\/media?parent=3551"}],"wp:term":[{"taxonomy":"category","embeddable":true,"href":"https:\/\/dvo.it\/fr\/wp-json\/wp\/v2\/categories?post=3551"},{"taxonomy":"post_tag","embeddable":true,"href":"https:\/\/dvo.it\/fr\/wp-json\/wp\/v2\/tags?post=3551"}],"curies":[{"name":"wp","href":"https:\/\/api.w.org\/{rel}","templated":true}]}}