{"id":3266,"date":"2025-04-14T14:38:12","date_gmt":"2025-04-14T12:38:12","guid":{"rendered":"https:\/\/dvo.wearesim.dev\/mdw-2025-con-everyones-pace\/"},"modified":"2026-04-02T15:07:29","modified_gmt":"2026-04-02T13:07:29","slug":"mdw-2025-con-everyones-pace","status":"publish","type":"post","link":"https:\/\/dvo.it\/fr\/mdw-2025-con-everyones-pace\/","title":{"rendered":"MDW 2025 avec Everyone\u2019s Pace"},"content":{"rendered":"<p><span data-sheets-root=\"1\">La 64e \u00e9dition de la Milano Design Week s\u2019est achev\u00e9e, animant les rues de la ville du 8 au 13 avril. \u00c0 cette occasion, notre flagship de Via Maroncelli 5 a ouvert ses portes au public, r\u00e9v\u00e9lant pour la premi\u00e8re fois sa nouvelle identit\u00e9 \u00e0 travers l\u2019installation Everyone\u2019s Pace.<\/p>\n<p>Con\u00e7u par l\u2019architecte Aldo Parisotto du studio Parisotto + Formenton Architetti, le projet a transform\u00e9 le showroom en un hub dynamique, un point de rencontre entre la ville et ses habitants.<\/p>\n<p>L\u2019installation se d\u00e9veloppe comme un parcours \u00e0 travers trois espaces distincts mais interconnect\u00e9s, o\u00f9 la couleur devient le fil conducteur d\u2019une exp\u00e9rience immersive. Le parcours d\u00e9bute avec l\u2019Informal Gallery, un espace caract\u00e9ris\u00e9 par un monochrome bleu qui \u00e9voque ouverture, profondeur et l\u00e9g\u00e8ret\u00e9 vers l\u2019ext\u00e9rieur. Cette premi\u00e8re zone, tourn\u00e9e vers la ville, est pens\u00e9e comme une galerie, avec des \u00e9l\u00e9ments favorisant des usages informels et encourageant l\u2019attente, la conversation et l\u2019interaction. De l\u00e0, on acc\u00e8de \u00e0 la Brainstorming Room, domin\u00e9e par un rouge vibrant, symbole d\u2019\u00e9nergie et de communication. Cet espace accueille des tables de r\u00e9union et est con\u00e7u pour stimuler les \u00e9changes cr\u00e9atifs. Enfin, le parcours m\u00e8ne \u00e0 la Comfort Lounge, envelopp\u00e9e dans des tons chauds de jaune ocre et de vert, symboles de pause, de chaleur et de r\u00e9flexion. Ici, les visiteurs peuvent profiter d\u2019un moment de d\u00e9tente ou de networking dans un environnement pens\u00e9 pour le bien-\u00eatre.<\/p>\n<p>Everyone\u2019s Pace invite \u00e0 explorer le travail selon son propre rythme, \u00e0 travers un design innovant, des \u00e9l\u00e9ments d\u2019am\u00e9nagement fonctionnels et de nouvelles formes d\u2019interaction. Pendant la Milano Design Week, les visiteurs ont pu d\u00e9couvrir comment ce projet red\u00e9finit le concept d\u2019espace de travail, en le transformant en un environnement fluide, adaptable et en harmonie avec les personnes qui le vivent au quotidien.<\/p>\n<p>D\u00e9couvrez la galerie pour explorer l\u2019installation et les \u00e9v\u00e9nements qui ont marqu\u00e9 notre Milano Design Week.<\/span><\/p>\n","protected":false},"excerpt":{"rendered":"<p>La 64e \u00e9dition de la Milano Design Week s\u2019est achev\u00e9e, animant les rues de la ville du 8 au 13 avril. \u00c0 cette occasion, notre flagship de Via Maroncelli 5 a ouvert ses portes au public, r\u00e9v\u00e9lant pour la premi\u00e8re fois sa nouvelle identit\u00e9 \u00e0 travers l\u2019installation Everyone\u2019s Pace. Con\u00e7u par l\u2019architecte Aldo Parisotto du [&hellip;]<\/p>\n","protected":false},"author":1,"featured_media":3268,"comment_status":"open","ping_status":"open","sticky":false,"template":"","format":"standard","meta":{"_acf_changed":false,"footnotes":""},"categories":[188,191,197],"tags":[],"class_list":["post-3266","post","type-post","status-publish","format-standard","has-post-thumbnail","hentry","category-entreprise","category-evenements","category-produits"],"acf":[],"_links":{"self":[{"href":"https:\/\/dvo.it\/fr\/wp-json\/wp\/v2\/posts\/3266","targetHints":{"allow":["GET"]}}],"collection":[{"href":"https:\/\/dvo.it\/fr\/wp-json\/wp\/v2\/posts"}],"about":[{"href":"https:\/\/dvo.it\/fr\/wp-json\/wp\/v2\/types\/post"}],"author":[{"embeddable":true,"href":"https:\/\/dvo.it\/fr\/wp-json\/wp\/v2\/users\/1"}],"replies":[{"embeddable":true,"href":"https:\/\/dvo.it\/fr\/wp-json\/wp\/v2\/comments?post=3266"}],"version-history":[{"count":1,"href":"https:\/\/dvo.it\/fr\/wp-json\/wp\/v2\/posts\/3266\/revisions"}],"predecessor-version":[{"id":3290,"href":"https:\/\/dvo.it\/fr\/wp-json\/wp\/v2\/posts\/3266\/revisions\/3290"}],"wp:featuredmedia":[{"embeddable":true,"href":"https:\/\/dvo.it\/fr\/wp-json\/wp\/v2\/media\/3268"}],"wp:attachment":[{"href":"https:\/\/dvo.it\/fr\/wp-json\/wp\/v2\/media?parent=3266"}],"wp:term":[{"taxonomy":"category","embeddable":true,"href":"https:\/\/dvo.it\/fr\/wp-json\/wp\/v2\/categories?post=3266"},{"taxonomy":"post_tag","embeddable":true,"href":"https:\/\/dvo.it\/fr\/wp-json\/wp\/v2\/tags?post=3266"}],"curies":[{"name":"wp","href":"https:\/\/api.w.org\/{rel}","templated":true}]}}