{"id":3241,"date":"2025-05-30T14:31:42","date_gmt":"2025-05-30T12:31:42","guid":{"rendered":"https:\/\/dvo.wearesim.dev\/lo-showroom-dvo-sitland-apre-le-porte-ai-giovani-talenti\/"},"modified":"2026-04-02T15:05:39","modified_gmt":"2026-04-02T13:05:39","slug":"lo-showroom-dvo-sitland-apre-le-porte-ai-giovani-talenti","status":"publish","type":"post","link":"https:\/\/dvo.it\/fr\/lo-showroom-dvo-sitland-apre-le-porte-ai-giovani-talenti\/","title":{"rendered":"Le showroom DVO Sitland ouvre ses portes aux jeunes talents"},"content":{"rendered":"<p><span data-sheets-root=\"1\">Dans le cadre du projet YouthLab, con\u00e7u pour cr\u00e9er un pont entre l\u2019\u00e9cole et l\u2019entreprise, nous avons eu le plaisir d\u2019accueillir dans le showroom DVO_ Sitland de via Maroncelli plusieurs classes du Lyc\u00e9e Artistique d\u2019\u00c9tat \u00ab Bruno Munari \u00bb de Vittorio Veneto (TV).<\/p>\n<p>Au cours des mois pr\u00e9c\u00e9dents, les \u00e9l\u00e8ves se sont engag\u00e9s dans un parcours cr\u00e9atif passionnant : r\u00e9aliser des \u0153uvres d\u2019art con\u00e7ues pour s\u2019int\u00e9grer aux espaces de travail, comme de v\u00e9ritables \u00e9l\u00e9ments d\u2019am\u00e9nagement.<\/p>\n<p>Au cours de la journ\u00e9e, les jeunes artistes ont eu l\u2019opportunit\u00e9 de pr\u00e9senter leurs cr\u00e9ations \u00e0 Aldo Parisotto, notre directeur artistique, et \u00e0 la designer Antigone Acconci, en partageant les concepts, les mat\u00e9riaux et les inspirations \u00e0 l\u2019origine de chaque \u0153uvre.<\/p>\n<p>Tous les travaux ont \u00e9t\u00e9 accueillis avec beaucoup d\u2019enthousiasme et appr\u00e9ci\u00e9s pour l\u2019engagement et la qualit\u00e9 des id\u00e9es.<\/p>\n<p>En conclusion, les enseignants, en collaboration avec Aldo Parisotto, ont attribu\u00e9 trois mentions sp\u00e9ciales aux \u00e9tudiants qui se sont distingu\u00e9s par leur originalit\u00e9, la signification de leurs projets et le choix des mat\u00e9riaux.<\/p>\n<p>Cette exp\u00e9rience refl\u00e8te parfaitement l\u2019esprit de YouthLab : valoriser le talent des nouvelles g\u00e9n\u00e9rations tout en favorisant le dialogue entre les mondes de l\u2019art, de l\u2019\u00e9ducation et de l\u2019entreprise.<\/p>\n<p>Un petit pas pour inspirer les professionnels de demain.<\/span><\/p>\n","protected":false},"excerpt":{"rendered":"<p>Dans le cadre du projet YouthLab, con\u00e7u pour cr\u00e9er un pont entre l\u2019\u00e9cole et l\u2019entreprise, nous avons eu le plaisir d\u2019accueillir dans le showroom DVO_ Sitland de via Maroncelli plusieurs classes du Lyc\u00e9e Artistique d\u2019\u00c9tat \u00ab Bruno Munari \u00bb de Vittorio Veneto (TV). Au cours des mois pr\u00e9c\u00e9dents, les \u00e9l\u00e8ves se sont engag\u00e9s dans un [&hellip;]<\/p>\n","protected":false},"author":1,"featured_media":3243,"comment_status":"open","ping_status":"open","sticky":false,"template":"","format":"standard","meta":{"_acf_changed":false,"footnotes":""},"categories":[188,191],"tags":[],"class_list":["post-3241","post","type-post","status-publish","format-standard","has-post-thumbnail","hentry","category-entreprise","category-evenements"],"acf":[],"_links":{"self":[{"href":"https:\/\/dvo.it\/fr\/wp-json\/wp\/v2\/posts\/3241","targetHints":{"allow":["GET"]}}],"collection":[{"href":"https:\/\/dvo.it\/fr\/wp-json\/wp\/v2\/posts"}],"about":[{"href":"https:\/\/dvo.it\/fr\/wp-json\/wp\/v2\/types\/post"}],"author":[{"embeddable":true,"href":"https:\/\/dvo.it\/fr\/wp-json\/wp\/v2\/users\/1"}],"replies":[{"embeddable":true,"href":"https:\/\/dvo.it\/fr\/wp-json\/wp\/v2\/comments?post=3241"}],"version-history":[{"count":1,"href":"https:\/\/dvo.it\/fr\/wp-json\/wp\/v2\/posts\/3241\/revisions"}],"predecessor-version":[{"id":3252,"href":"https:\/\/dvo.it\/fr\/wp-json\/wp\/v2\/posts\/3241\/revisions\/3252"}],"wp:featuredmedia":[{"embeddable":true,"href":"https:\/\/dvo.it\/fr\/wp-json\/wp\/v2\/media\/3243"}],"wp:attachment":[{"href":"https:\/\/dvo.it\/fr\/wp-json\/wp\/v2\/media?parent=3241"}],"wp:term":[{"taxonomy":"category","embeddable":true,"href":"https:\/\/dvo.it\/fr\/wp-json\/wp\/v2\/categories?post=3241"},{"taxonomy":"post_tag","embeddable":true,"href":"https:\/\/dvo.it\/fr\/wp-json\/wp\/v2\/tags?post=3241"}],"curies":[{"name":"wp","href":"https:\/\/api.w.org\/{rel}","templated":true}]}}