{"id":3171,"date":"2026-03-30T12:59:50","date_gmt":"2026-03-30T10:59:50","guid":{"rendered":"https:\/\/dvo.wearesim.dev\/workspace-paris-2026-il-nostro-racconto\/"},"modified":"2026-04-02T15:00:06","modified_gmt":"2026-04-02T13:00:06","slug":"workspace-paris-2026-il-nostro-racconto","status":"publish","type":"post","link":"https:\/\/dvo.it\/fr\/workspace-paris-2026-il-nostro-racconto\/","title":{"rendered":"Workspace Paris 2026 : Notre r\u00e9cit"},"content":{"rendered":"<p><span data-sheets-root=\"1\">L\u2019\u00e9dition 2026 de Workspace Paris, le salon europ\u00e9en de r\u00e9f\u00e9rence pour le design des espaces de travail, vient de s\u2019achever, et nous sommes ravis d\u2019avoir particip\u00e9 une nouvelle fois \u00e0 cet \u00e9v\u00e9nement majeur.<\/p>\n<p>Notre stand, envelopp\u00e9 de tons apaisants de bleu et de bleu clair, s\u2019est transform\u00e9 en un lieu de rencontre et d\u2019inspiration, o\u00f9 les visiteurs ont pu s\u2019immerger dans une atmosph\u00e8re accueillante et d\u00e9couvrir nos derni\u00e8res nouveaut\u00e9s.<\/p>\n<p>Au c\u0153ur de l\u2019espace, nos nouvelles collections, fruit d\u2019une d\u00e9marche de conception continue tourn\u00e9e vers le d\u00e9veloppement de solutions toujours plus innovantes.<br \/>\nLa collection Silhouette, n\u00e9e de la collaboration avec le designer Robin Rizzini, incarne parfaitement notre engagement pour un design polyvalent, raffin\u00e9 et attentif aux besoins contemporains. Compos\u00e9e de tables et de buffets, elle a marqu\u00e9 le stand par son esth\u00e9tique l\u00e9g\u00e8re et pr\u00e9cise, pens\u00e9e pour apporter une \u00e9l\u00e9gance essentielle aux espaces de travail.<\/p>\n<p>Workspace Paris 2026 a \u00e9t\u00e9 une occasion pr\u00e9cieuse de partager nos nouveaut\u00e9s et de recueillir de nouvelles inspirations\u2014une exp\u00e9rience qui confirme notre engagement constant \u00e0 fa\u00e7onner les espaces de travail et au-del\u00e0.<\/p>\n<p>Merci \u00e0 tous ceux qui ont partag\u00e9 ce moment avec nous.<\/span><\/p>\n","protected":false},"excerpt":{"rendered":"<p>L\u2019\u00e9dition 2026 de Workspace Paris, le salon europ\u00e9en de r\u00e9f\u00e9rence pour le design des espaces de travail, vient de s\u2019achever, et nous sommes ravis d\u2019avoir particip\u00e9 une nouvelle fois \u00e0 cet \u00e9v\u00e9nement majeur. Notre stand, envelopp\u00e9 de tons apaisants de bleu et de bleu clair, s\u2019est transform\u00e9 en un lieu de rencontre et d\u2019inspiration, o\u00f9 [&hellip;]<\/p>\n","protected":false},"author":1,"featured_media":3173,"comment_status":"open","ping_status":"open","sticky":false,"template":"","format":"standard","meta":{"_acf_changed":false,"footnotes":""},"categories":[191,188],"tags":[],"class_list":["post-3171","post","type-post","status-publish","format-standard","has-post-thumbnail","hentry","category-evenements","category-entreprise"],"acf":[],"_links":{"self":[{"href":"https:\/\/dvo.it\/fr\/wp-json\/wp\/v2\/posts\/3171","targetHints":{"allow":["GET"]}}],"collection":[{"href":"https:\/\/dvo.it\/fr\/wp-json\/wp\/v2\/posts"}],"about":[{"href":"https:\/\/dvo.it\/fr\/wp-json\/wp\/v2\/types\/post"}],"author":[{"embeddable":true,"href":"https:\/\/dvo.it\/fr\/wp-json\/wp\/v2\/users\/1"}],"replies":[{"embeddable":true,"href":"https:\/\/dvo.it\/fr\/wp-json\/wp\/v2\/comments?post=3171"}],"version-history":[{"count":1,"href":"https:\/\/dvo.it\/fr\/wp-json\/wp\/v2\/posts\/3171\/revisions"}],"predecessor-version":[{"id":3188,"href":"https:\/\/dvo.it\/fr\/wp-json\/wp\/v2\/posts\/3171\/revisions\/3188"}],"wp:featuredmedia":[{"embeddable":true,"href":"https:\/\/dvo.it\/fr\/wp-json\/wp\/v2\/media\/3173"}],"wp:attachment":[{"href":"https:\/\/dvo.it\/fr\/wp-json\/wp\/v2\/media?parent=3171"}],"wp:term":[{"taxonomy":"category","embeddable":true,"href":"https:\/\/dvo.it\/fr\/wp-json\/wp\/v2\/categories?post=3171"},{"taxonomy":"post_tag","embeddable":true,"href":"https:\/\/dvo.it\/fr\/wp-json\/wp\/v2\/tags?post=3171"}],"curies":[{"name":"wp","href":"https:\/\/api.w.org\/{rel}","templated":true}]}}