{"id":4214,"date":"2023-05-02T17:35:22","date_gmt":"2023-05-02T15:35:22","guid":{"rendered":"https:\/\/dvo.wearesim.dev\/il-nostro-impegno-per-il-cam-arredi\/"},"modified":"2026-04-02T16:39:13","modified_gmt":"2026-04-02T14:39:13","slug":"il-nostro-impegno-per-il-cam-arredi","status":"publish","type":"post","link":"https:\/\/dvo.it\/es\/il-nostro-impegno-per-il-cam-arredi\/","title":{"rendered":"Nuestro compromiso con los criterios CAM para mobiliario"},"content":{"rendered":"<p><span data-sheets-root=\"1\">DVO se complace en anunciar que se encuentra entre las primeras empresas italianas del sector madera-mobiliario en haberse adaptado a la actualizaci\u00f3n de los requisitos del Plan de Acci\u00f3n Nacional de Contrataci\u00f3n P\u00fablica Verde, en particular a los \u00abCriterios Ambientales M\u00ednimos\u00bb (CAM) para el suministro de nuevo mobiliario de interior, definidos por el Decreto Ministerial del 23 de junio de 2022 para la compra y alquiler de mobiliario de oficina por parte de la Administraci\u00f3n P\u00fablica, certificados por una entidad externa acreditada de referencia.<\/p>\n<p>El cumplimiento de estos criterios no solo es un requisito obligatorio para la Administraci\u00f3n P\u00fablica, sino que tambi\u00e9n representa un importante valor a\u00f1adido para los compradores privados: la garant\u00eda de elegir una empresa firmemente comprometida con la sostenibilidad ambiental y social, que ofrece productos de alto rendimiento, certificados y testados, desarrollados a trav\u00e9s de una cadena de suministro controlada que respeta el medio ambiente, as\u00ed como la salud y la seguridad de los trabajadores.<\/span><\/p>\n","protected":false},"excerpt":{"rendered":"<p>DVO se complace en anunciar que se encuentra entre las primeras empresas italianas del sector madera-mobiliario en haberse adaptado a la actualizaci\u00f3n de los requisitos del Plan de Acci\u00f3n Nacional de Contrataci\u00f3n P\u00fablica Verde, en particular a los \u00abCriterios Ambientales M\u00ednimos\u00bb (CAM) para el suministro de nuevo mobiliario de interior, definidos por el Decreto Ministerial [&hellip;]<\/p>\n","protected":false},"author":1,"featured_media":4215,"comment_status":"open","ping_status":"open","sticky":false,"template":"","format":"standard","meta":{"_acf_changed":false,"footnotes":""},"categories":[189,203],"tags":[],"class_list":["post-4214","post","type-post","status-publish","format-standard","has-post-thumbnail","hentry","category-empresa","category-sostenibilidad"],"acf":[],"_links":{"self":[{"href":"https:\/\/dvo.it\/es\/wp-json\/wp\/v2\/posts\/4214","targetHints":{"allow":["GET"]}}],"collection":[{"href":"https:\/\/dvo.it\/es\/wp-json\/wp\/v2\/posts"}],"about":[{"href":"https:\/\/dvo.it\/es\/wp-json\/wp\/v2\/types\/post"}],"author":[{"embeddable":true,"href":"https:\/\/dvo.it\/es\/wp-json\/wp\/v2\/users\/1"}],"replies":[{"embeddable":true,"href":"https:\/\/dvo.it\/es\/wp-json\/wp\/v2\/comments?post=4214"}],"version-history":[{"count":1,"href":"https:\/\/dvo.it\/es\/wp-json\/wp\/v2\/posts\/4214\/revisions"}],"predecessor-version":[{"id":4216,"href":"https:\/\/dvo.it\/es\/wp-json\/wp\/v2\/posts\/4214\/revisions\/4216"}],"wp:featuredmedia":[{"embeddable":true,"href":"https:\/\/dvo.it\/es\/wp-json\/wp\/v2\/media\/4215"}],"wp:attachment":[{"href":"https:\/\/dvo.it\/es\/wp-json\/wp\/v2\/media?parent=4214"}],"wp:term":[{"taxonomy":"category","embeddable":true,"href":"https:\/\/dvo.it\/es\/wp-json\/wp\/v2\/categories?post=4214"},{"taxonomy":"post_tag","embeddable":true,"href":"https:\/\/dvo.it\/es\/wp-json\/wp\/v2\/tags?post=4214"}],"curies":[{"name":"wp","href":"https:\/\/api.w.org\/{rel}","templated":true}]}}