{"id":4152,"date":"2023-10-06T17:27:45","date_gmt":"2023-10-06T15:27:45","guid":{"rendered":"https:\/\/dvo.wearesim.dev\/dvo-ospita-la-delegazione-fvg-delladi\/"},"modified":"2026-04-02T16:34:03","modified_gmt":"2026-04-02T14:34:03","slug":"dvo-ospita-la-delegazione-fvg-delladi","status":"publish","type":"post","link":"https:\/\/dvo.it\/es\/dvo-ospita-la-delegazione-fvg-delladi\/","title":{"rendered":"DVO acoge a la delegaci\u00f3n ADI FVG"},"content":{"rendered":"<p><span data-sheets-root=\"1\">El 5 de octubre de 2023, DVO acogi\u00f3 en su sede a una delegaci\u00f3n de miembros de ADI \u2013 Friuli Venezia Giulia.<\/p>\n<p>ADI (de la que DVO es miembro) re\u00fane desde 1956 a dise\u00f1adores, empresas, investigadores, docentes, cr\u00edticos y periodistas en torno a los temas del dise\u00f1o: proyecto, consumo, reciclaje y formaci\u00f3n. Es protagonista en el desarrollo del dise\u00f1o industrial como fen\u00f3meno cultural y econ\u00f3mico.<\/p>\n<p>El dise\u00f1o es un sistema que conecta la producci\u00f3n con los usuarios, abordando la investigaci\u00f3n, la innovaci\u00f3n y la ingenier\u00eda para aportar funcionalidad, valor social y significado cultural a los bienes y servicios presentes en el mercado.<\/p>\n<p>Orgullosos de formar parte de ello.<br \/>\n<\/span><\/p>\n","protected":false},"excerpt":{"rendered":"<p>El 5 de octubre de 2023, DVO acogi\u00f3 en su sede a una delegaci\u00f3n de miembros de ADI \u2013 Friuli Venezia Giulia. ADI (de la que DVO es miembro) re\u00fane desde 1956 a dise\u00f1adores, empresas, investigadores, docentes, cr\u00edticos y periodistas en torno a los temas del dise\u00f1o: proyecto, consumo, reciclaje y formaci\u00f3n. Es protagonista en [&hellip;]<\/p>\n","protected":false},"author":1,"featured_media":4154,"comment_status":"open","ping_status":"open","sticky":false,"template":"","format":"standard","meta":{"_acf_changed":false,"footnotes":""},"categories":[189,190],"tags":[],"class_list":["post-4152","post","type-post","status-publish","format-standard","has-post-thumbnail","hentry","category-empresa","category-eventos"],"acf":[],"_links":{"self":[{"href":"https:\/\/dvo.it\/es\/wp-json\/wp\/v2\/posts\/4152","targetHints":{"allow":["GET"]}}],"collection":[{"href":"https:\/\/dvo.it\/es\/wp-json\/wp\/v2\/posts"}],"about":[{"href":"https:\/\/dvo.it\/es\/wp-json\/wp\/v2\/types\/post"}],"author":[{"embeddable":true,"href":"https:\/\/dvo.it\/es\/wp-json\/wp\/v2\/users\/1"}],"replies":[{"embeddable":true,"href":"https:\/\/dvo.it\/es\/wp-json\/wp\/v2\/comments?post=4152"}],"version-history":[{"count":1,"href":"https:\/\/dvo.it\/es\/wp-json\/wp\/v2\/posts\/4152\/revisions"}],"predecessor-version":[{"id":4168,"href":"https:\/\/dvo.it\/es\/wp-json\/wp\/v2\/posts\/4152\/revisions\/4168"}],"wp:featuredmedia":[{"embeddable":true,"href":"https:\/\/dvo.it\/es\/wp-json\/wp\/v2\/media\/4154"}],"wp:attachment":[{"href":"https:\/\/dvo.it\/es\/wp-json\/wp\/v2\/media?parent=4152"}],"wp:term":[{"taxonomy":"category","embeddable":true,"href":"https:\/\/dvo.it\/es\/wp-json\/wp\/v2\/categories?post=4152"},{"taxonomy":"post_tag","embeddable":true,"href":"https:\/\/dvo.it\/es\/wp-json\/wp\/v2\/tags?post=4152"}],"curies":[{"name":"wp","href":"https:\/\/api.w.org\/{rel}","templated":true}]}}