{"id":4073,"date":"2024-04-17T15:31:41","date_gmt":"2024-04-17T13:31:41","guid":{"rendered":"https:\/\/dvo.wearesim.dev\/feel-the-room-milano-2024\/"},"modified":"2026-04-02T16:01:13","modified_gmt":"2026-04-02T14:01:13","slug":"feel-the-room-milano-2024","status":"publish","type":"post","link":"https:\/\/dvo.it\/es\/feel-the-room-milano-2024\/","title":{"rendered":"Feel the room \u2013 Mil\u00e1n 2024"},"content":{"rendered":"<p><span data-sheets-root=\"1\">967arch interpreta el espacio y el dise\u00f1o para la nueva oficina h\u00edbrida de DVO.<\/p>\n<p>Captar la nueva identidad h\u00edbrida de los espacios de trabajo, as\u00ed como de vida, ha sido siempre una prioridad para DVO, que ha replanteado la organizaci\u00f3n y evoluci\u00f3n de los entornos laborales, defini\u00e9ndolos como espacios de relaci\u00f3n y colaboraci\u00f3n.<\/p>\n<p>La sinton\u00eda proyectual entre ambas realidades llev\u00f3 de inmediato a la implicaci\u00f3n del estudio milan\u00e9s en la reinterpretaci\u00f3n del espacio expositivo de DVO en el coraz\u00f3n de Mil\u00e1n. Este proyecto representa la traducci\u00f3n f\u00edsica de un enfoque est\u00e9tico y conceptual compartido, que propone una visi\u00f3n m\u00e1s abierta del mundo office, incorporando \u00e1mbitos como la escenograf\u00eda, el arte y la comunicaci\u00f3n, adem\u00e1s del dise\u00f1o.<\/p>\n<p>Conexiones y relaciones con otros mundos, m\u00e1s que simples contaminaciones. Una puesta en com\u00fan de experiencias complementarias orientadas a ampliar la percepci\u00f3n del espacio de trabajo como un lugar f\u00edsico de interacci\u00f3n, relaciones y cultura del hacer.<\/p>\n<p>967arch, siempre atenta al proyecto como espacio de inspiraci\u00f3n adem\u00e1s de dimensi\u00f3n f\u00edsica y est\u00e9tica, aporta en este contexto sus veinte a\u00f1os de experiencia en dise\u00f1o y arquitectura, en los sectores office, hospitality y retail.<\/p>\n<p>Agradecimientos especiales a: @emanuele.giannelli<\/span><\/p>\n","protected":false},"excerpt":{"rendered":"<p>967arch interpreta el espacio y el dise\u00f1o para la nueva oficina h\u00edbrida de DVO. Captar la nueva identidad h\u00edbrida de los espacios de trabajo, as\u00ed como de vida, ha sido siempre una prioridad para DVO, que ha replanteado la organizaci\u00f3n y evoluci\u00f3n de los entornos laborales, defini\u00e9ndolos como espacios de relaci\u00f3n y colaboraci\u00f3n. La sinton\u00eda [&hellip;]<\/p>\n","protected":false},"author":1,"featured_media":4075,"comment_status":"open","ping_status":"open","sticky":false,"template":"","format":"standard","meta":{"_acf_changed":false,"footnotes":""},"categories":[190,189],"tags":[],"class_list":["post-4073","post","type-post","status-publish","format-standard","has-post-thumbnail","hentry","category-eventos","category-empresa"],"acf":[],"_links":{"self":[{"href":"https:\/\/dvo.it\/es\/wp-json\/wp\/v2\/posts\/4073","targetHints":{"allow":["GET"]}}],"collection":[{"href":"https:\/\/dvo.it\/es\/wp-json\/wp\/v2\/posts"}],"about":[{"href":"https:\/\/dvo.it\/es\/wp-json\/wp\/v2\/types\/post"}],"author":[{"embeddable":true,"href":"https:\/\/dvo.it\/es\/wp-json\/wp\/v2\/users\/1"}],"replies":[{"embeddable":true,"href":"https:\/\/dvo.it\/es\/wp-json\/wp\/v2\/comments?post=4073"}],"version-history":[{"count":1,"href":"https:\/\/dvo.it\/es\/wp-json\/wp\/v2\/posts\/4073\/revisions"}],"predecessor-version":[{"id":4098,"href":"https:\/\/dvo.it\/es\/wp-json\/wp\/v2\/posts\/4073\/revisions\/4098"}],"wp:featuredmedia":[{"embeddable":true,"href":"https:\/\/dvo.it\/es\/wp-json\/wp\/v2\/media\/4075"}],"wp:attachment":[{"href":"https:\/\/dvo.it\/es\/wp-json\/wp\/v2\/media?parent=4073"}],"wp:term":[{"taxonomy":"category","embeddable":true,"href":"https:\/\/dvo.it\/es\/wp-json\/wp\/v2\/categories?post=4073"},{"taxonomy":"post_tag","embeddable":true,"href":"https:\/\/dvo.it\/es\/wp-json\/wp\/v2\/tags?post=4073"}],"curies":[{"name":"wp","href":"https:\/\/api.w.org\/{rel}","templated":true}]}}